{"id":528,"date":"2017-04-27T00:33:35","date_gmt":"2017-04-26T23:33:35","guid":{"rendered":"http:\/\/michalbenedick.com\/?p=528"},"modified":"2017-04-27T00:36:09","modified_gmt":"2017-04-26T23:36:09","slug":"ou-placez-vous-votre-energie","status":"publish","type":"post","link":"https:\/\/michalbenedick.com\/index.php\/2017\/04\/27\/ou-placez-vous-votre-energie\/","title":{"rendered":"O\u00f9 placez-vous votre \u00e9nergie ?"},"content":{"rendered":"<p><span style=\"color: #000000;\">Les probl\u00e9matiques \u00e9cologiques sont au c\u0153ur des d\u00e9bats. Vous \u00eates-vous d\u00e9j\u00e0 pos\u00e9 la question de nos d\u00e9perditions \u00e9nerg\u00e9tiques individuelles\u00a0? Je veux parler de toutes ces situations o\u00f9 nous d\u00e9pensons une \u00e9nergie insens\u00e9e \u00e0 lutter contre nous-m\u00eame ou contre ce que nous n\u2019avons pas envie de faire. Voici une anecdote pour l\u2019illustrer.<\/span><\/p>\n<p><span style=\"color: #000000;\">Un jour, alors que j\u2019\u00e9tais jeune salari\u00e9e dans le secteur culturel, je venais prendre ma pause d\u00e9jeun\u00e9 dans un espace commun. Une jeune comptable d\u2019un bureau voisin mangeait l\u00e0. Elle semblait lessiv\u00e9e et us\u00e9e. Elle avait \u00e9t\u00e9 contrainte de faire 2 heures suppl\u00e9mentaires en plus des 35 heures hebdomadaires. J\u2019\u00e9tais dans l\u2019incompr\u00e9hension la plus totale\u00a0: alors que je ne comptais pas mes heures, je ne pouvais comprendre comment elle se retrouvait dans un tel \u00e9tat apr\u00e8s deux petites heures de travail suppl\u00e9mentaire. Au cours de l\u2019\u00e9change, elle finit par me confier dans un sanglot \u00ab\u00a0mais moi, je voulais \u00eatre sage-femme\u00a0\u00bb.<\/span><\/p>\n<p><span style=\"color: #000000;\">Cet \u00e9pisode m\u2019a boulevers\u00e9e car il a \u00e9t\u00e9 un d\u00e9clencheur dans la prise de conscience de \u00ab\u00a0comment une personne peut-elle d\u00e9penser autant d\u2019\u00e9nergie pour aller \u00e0 l\u2019encontre de sa vie professionnelle\u00a0? Et comment une personne peut-elle \u00eatre \u00e9loign\u00e9e \u00e0 ce point de ce qui apporte du sens \u00e0 son existence\u00a0?\u00a0\u00bb Cette question ne m\u2019a plus quitt\u00e9e, c\u2019est sans doute l\u2019un des nombreux pas qui m\u2019ont men\u00e9e vers le <a href=\"https:\/\/michalbenedick.com\/index.php\/revelation-singularite\/\">s\u00e9minaire <\/a>\u00ab Donnez du sens \u00e0 votre singularit\u00e9\u00a0\u00bb et vers ma pratique de coach.<\/span><\/p>\n<p><span style=\"color: #000000;\">La d\u00e9perdition d\u2019\u00e9nergie peut venir d\u2019une perte de sens ou pire, du sentiment de ramer \u00e0 contre-sens dans son existence, notamment professionnelle.<\/span><\/p>\n<p><span style=\"color: #000000;\">On perd une \u00e9nergie consid\u00e9rable quand la majorit\u00e9 de nos activit\u00e9s sont en dehors de notre r\u00e9elle <strong>zone de motivation<\/strong> : quand les conditions de travail ne sont plus pertinentes, ou quand les t\u00e2ches annexes prennent le pas sur notre c\u0153ur de m\u00e9tier.<\/span><\/p>\n<p><span style=\"color: #000000;\">De m\u00eame, quand on n\u2019est pas \u00e0 sa place, on perd de l\u2019\u00e9nergie \u00e0 se conformer aux objectifs des autres, au lieu d\u2019\u00eatre en coh\u00e9rence avec notre <strong>contribution id\u00e9ale<\/strong> qui elle, nous nourrit de sens.<\/span><\/p>\n<p><span style=\"color: #000000;\">Et vous, o\u00f9 placez-vous votre \u00e9nergie\u00a0?<\/span><\/p>\n","protected":false},"excerpt":{"rendered":"<p>Les probl\u00e9matiques \u00e9cologiques sont au c\u0153ur des d\u00e9bats. Vous \u00eates-vous d\u00e9j\u00e0 pos\u00e9 la question de nos d\u00e9perditions \u00e9nerg\u00e9tiques individuelles\u00a0? Je veux parler de toutes ces situations o\u00f9 nous d\u00e9pensons une \u00e9nergie insens\u00e9e \u00e0 lutter contre nous-m\u00eame ou contre ce que nous n\u2019avons pas envie de faire. Voici une anecdote pour l\u2019illustrer. Un jour, alors que [&hellip;]<\/p>\n","protected":false},"author":1,"featured_media":0,"comment_status":"open","ping_status":"open","sticky":false,"template":"","format":"standard","meta":{"_monsterinsights_skip_tracking":false,"_monsterinsights_sitenote_active":false,"_monsterinsights_sitenote_note":"","_monsterinsights_sitenote_category":0,"_glsr_average":0,"_glsr_ranking":0,"_glsr_reviews":0,"footnotes":""},"categories":[2],"tags":[24,23],"class_list":["post-528","post","type-post","status-publish","format-standard","hentry","category-blog","tag-energie","tag-singularite"],"_links":{"self":[{"href":"https:\/\/michalbenedick.com\/index.php\/wp-json\/wp\/v2\/posts\/528","targetHints":{"allow":["GET"]}}],"collection":[{"href":"https:\/\/michalbenedick.com\/index.php\/wp-json\/wp\/v2\/posts"}],"about":[{"href":"https:\/\/michalbenedick.com\/index.php\/wp-json\/wp\/v2\/types\/post"}],"author":[{"embeddable":true,"href":"https:\/\/michalbenedick.com\/index.php\/wp-json\/wp\/v2\/users\/1"}],"replies":[{"embeddable":true,"href":"https:\/\/michalbenedick.com\/index.php\/wp-json\/wp\/v2\/comments?post=528"}],"version-history":[{"count":4,"href":"https:\/\/michalbenedick.com\/index.php\/wp-json\/wp\/v2\/posts\/528\/revisions"}],"predecessor-version":[{"id":532,"href":"https:\/\/michalbenedick.com\/index.php\/wp-json\/wp\/v2\/posts\/528\/revisions\/532"}],"wp:attachment":[{"href":"https:\/\/michalbenedick.com\/index.php\/wp-json\/wp\/v2\/media?parent=528"}],"wp:term":[{"taxonomy":"category","embeddable":true,"href":"https:\/\/michalbenedick.com\/index.php\/wp-json\/wp\/v2\/categories?post=528"},{"taxonomy":"post_tag","embeddable":true,"href":"https:\/\/michalbenedick.com\/index.php\/wp-json\/wp\/v2\/tags?post=528"}],"curies":[{"name":"wp","href":"https:\/\/api.w.org\/{rel}","templated":true}]}}