{"id":1068,"date":"2020-03-30T15:39:43","date_gmt":"2020-03-30T14:39:43","guid":{"rendered":"http:\/\/michalbenedick.com\/?p=1068"},"modified":"2020-03-30T16:34:37","modified_gmt":"2020-03-30T15:34:37","slug":"et-vous-sigmund-que-pensez-vous-des-avions-en-papier","status":"publish","type":"post","link":"https:\/\/michalbenedick.com\/index.php\/2020\/03\/30\/et-vous-sigmund-que-pensez-vous-des-avions-en-papier\/","title":{"rendered":"Et vous Sigmund, que pensez-vous des avions en papier ?"},"content":{"rendered":"\n<p class=\"has-text-color has-very-dark-gray-color\">Un de mes r\u00f4les de coach est de renvoyer la question \u00e0 son exp\u00e9diteur. En effet, les questions que nous posons ne nous renvoient g\u00e9n\u00e9ralement qu\u2019\u00e0 nous, nos biais cognitifs, nos filtres et enjeux personnels.<\/p>\n\n\n\n<div class=\"wp-block-image\"><figure class=\"alignright size-large is-resized\"><img loading=\"lazy\" decoding=\"async\" src=\"https:\/\/michalbenedick.com\/wp-content\/uploads\/2020\/03\/Wikipedia-Leonardo_da_Vinci_-_Virgin_and_Child_with_St_Anne-1-764x1024.jpg\" alt=\"\" class=\"wp-image-1100\" width=\"249\" height=\"334\" srcset=\"https:\/\/michalbenedick.com\/wp-content\/uploads\/2020\/03\/Wikipedia-Leonardo_da_Vinci_-_Virgin_and_Child_with_St_Anne-1-764x1024.jpg 764w, https:\/\/michalbenedick.com\/wp-content\/uploads\/2020\/03\/Wikipedia-Leonardo_da_Vinci_-_Virgin_and_Child_with_St_Anne-1-600x805.jpg 600w, https:\/\/michalbenedick.com\/wp-content\/uploads\/2020\/03\/Wikipedia-Leonardo_da_Vinci_-_Virgin_and_Child_with_St_Anne-1-224x300.jpg 224w, https:\/\/michalbenedick.com\/wp-content\/uploads\/2020\/03\/Wikipedia-Leonardo_da_Vinci_-_Virgin_and_Child_with_St_Anne-1-768x1030.jpg 768w, https:\/\/michalbenedick.com\/wp-content\/uploads\/2020\/03\/Wikipedia-Leonardo_da_Vinci_-_Virgin_and_Child_with_St_Anne-1-1146x1536.jpg 1146w, https:\/\/michalbenedick.com\/wp-content\/uploads\/2020\/03\/Wikipedia-Leonardo_da_Vinci_-_Virgin_and_Child_with_St_Anne-1-149x200.jpg 149w, https:\/\/michalbenedick.com\/wp-content\/uploads\/2020\/03\/Wikipedia-Leonardo_da_Vinci_-_Virgin_and_Child_with_St_Anne-1.jpg 1200w\" sizes=\"auto, (max-width: 249px) 100vw, 249px\" \/><figcaption>La vierge, l&rsquo;enfant J\u00e9sus et sainte Anne, Leonard de Vinci, 1501-1519 (source Wikipedia)<\/figcaption><\/figure><\/div>\n\n\n\n<p class=\"has-text-color has-very-dark-gray-color\">Comme quand Freud identifie un vautour dans le drap\u00e9 de la robe de Marie dans le c\u00e9l\u00e8bre tableau La vierge, l&rsquo;enfant J\u00e9sus et sainte Anne et se lance dans une lecture psychanalytique de Leonard, ses r\u00eaves, ses fantasmes, sa sexualit\u00e9*\u00a0: le vautour est associ\u00e9 \u00e0 la figure maternelle. Freud en d\u00e9duit le r\u00f4le de ses pulsions sexuelles dans le processus cr\u00e9atif.<\/p>\n\n\n\n<p class=\"has-text-color has-very-dark-gray-color\">La coach en moi constate que c\u2019est ainsi que Freud voit le monde qui l\u2019entoure. En m\u00eame temps, la question \u00ab\u00a0Et vous, Sigmund, comment \u00e7a se passe avec maman ?\u00a0\u00bb me chatouille gentiment.<\/p>\n\n\n\n<p class=\"has-text-color has-very-dark-gray-color\">Voil\u00e0 un peu plus de deux semaines que toutes mes s\u00e9ances\nde coaching \u2013 en ligne \u00e9videmment &#8211; commencent par quelques \u00e9changes informels\nsur le confinement. Chaque partage sur cette situation in\u00e9dite m\u2019invite \u00e0 consid\u00e9rer\nla situation sous un angle \u00e0 chaque fois un peu diff\u00e9rent.<\/p>\n\n\n\n<p class=\"has-text-color has-very-dark-gray-color\">Une fois n\u2019est pas coutume, ce matin c\u2019est mon client qui\nm\u2019interroge sur ce que je vis&nbsp;: je partage. Je vis au jour le jour, mon\nemploi du temps n\u2019est plus que r\u00e9ajustements permanents. Je remarque un\nrel\u00e2chement de mon exigence \u00e0 bien des niveaux. J\u2019observe aussi des synergies\nin\u00e9dites, des \u00e9lans de solidarit\u00e9 et un ralentissement du rythme plan\u00e9taire,\nvisible depuis ma fen\u00eatre. Certains semblent passer aux aveux quand ils se\ndisent savourer ce moment hors du temps. Mon questionnement du moment&nbsp;:\nqu\u2019allons-nous ancrer et conserver de ces prises de conscience&nbsp;une fois\nl\u2019\u00e9preuve pass\u00e9e&nbsp;? Mon client surench\u00e9rit&nbsp;: \u00ab&nbsp;c\u2019est exactement\nce que je me disais&nbsp;! Qu\u2019est-ce que les gens vont garder ensuite&nbsp;?\nEst-ce qu\u2019ils vont revenir \u00e0 leur rythme de fous&nbsp;??!&nbsp;\u00bb Evidemment,\nc\u2019est de lui qu\u2019il parlait.<\/p>\n\n\n\n<p class=\"has-text-color has-very-dark-gray-color\">Mais \u00e0 cet instant pr\u00e9cis, il me renvoyait la\nquestion&nbsp;: et moi, que vais-je garder de ces prises de conscience&nbsp;?\nDe ces nouvelles exp\u00e9rimentations&nbsp;? Que vais-je r\u00e9ellement changer,\nint\u00e9grer demain une fois que l\u2019adaptation ne sera plus une n\u00e9cessit\u00e9&nbsp;?<\/p>\n\n\n\n<div class=\"wp-block-image\"><figure class=\"alignright size-large is-resized\"><img loading=\"lazy\" decoding=\"async\" src=\"https:\/\/michalbenedick.com\/wp-content\/uploads\/2020\/03\/avions-1.jpg\" alt=\"\" class=\"wp-image-1071\" width=\"198\" height=\"294\" srcset=\"https:\/\/michalbenedick.com\/wp-content\/uploads\/2020\/03\/avions-1.jpg 344w, https:\/\/michalbenedick.com\/wp-content\/uploads\/2020\/03\/avions-1-202x300.jpg 202w, https:\/\/michalbenedick.com\/wp-content\/uploads\/2020\/03\/avions-1-134x200.jpg 134w\" sizes=\"auto, (max-width: 198px) 100vw, 198px\" \/><\/figure><\/div>\n\n\n\n<p class=\"has-text-color has-very-dark-gray-color\">Il y a quelques semaines encore, mon agenda \u00e9tait un des seuls \u00e0 pouvoir exiger quelque chose de moi. Il a vu ses pr\u00e9rogatives fondre comme neige au soleil. Il essaie d\u00e9sormais timidement de se frayer un chemin dans mes priorit\u00e9s, \u00e0 mi-chemin entre \u00ab&nbsp;faire une course d\u2019avions en papier pour la 3<sup>e<\/sup> fois aujourd\u2019hui avec mes enfants&nbsp;\u00bb (on a trouv\u00e9 une nouvelle forme de bec encore plus efficace !) et faire preuve de cr\u00e9ativit\u00e9 pour concevoir le repas du soir \u00e0 base de surgel\u00e9s (une premi\u00e8re pour moi qui affectionne tant les produits frais). Beaucoup de consid\u00e9rations logistiques sont d\u00e9sormais pass\u00e9es en cat\u00e9gorie \u00ab&nbsp;je m\u2019en fous&nbsp;\u00bb (il faut que vous m\u2019imaginiez le dire avec un large et enthousiaste sourire).<\/p>\n\n\n\n<p class=\"has-text-color has-very-dark-gray-color\">Est-ce que ce que je vis est une parenth\u00e8se&nbsp;ou le d\u00e9but d\u2019un r\u00e9el changement&nbsp;? Pour \u00eatre honn\u00eate, je n\u2019en ai pas la moindre id\u00e9e. Mais ce dont je suis s\u00fbre, c\u2019est que cette remise en question ne fait que commencer.<\/p>\n\n\n\n<p class=\"has-text-color has-very-dark-gray-color\">Et vous Sigmund, que pensez-vous des avions en papier ?<\/p>\n\n\n\n<p><\/p>\n\n\n\n<hr class=\"wp-block-separator\"\/>\n\n\n\n<p>* Sigmund Freud, <em>Souvenir d\u2019enfance de L\u00e9onard de Vinci<\/em>, 1910.<\/p>\n","protected":false},"excerpt":{"rendered":"<p>Un de mes r\u00f4les de coach est de renvoyer la question \u00e0 son exp\u00e9diteur. En effet, les questions que nous posons ne nous renvoient g\u00e9n\u00e9ralement qu\u2019\u00e0 nous, nos biais cognitifs, nos filtres et enjeux personnels&#8230;<\/p>\n","protected":false},"author":1,"featured_media":0,"comment_status":"open","ping_status":"open","sticky":false,"template":"","format":"standard","meta":{"_monsterinsights_skip_tracking":false,"_monsterinsights_sitenote_active":false,"_monsterinsights_sitenote_note":"","_monsterinsights_sitenote_category":0,"_glsr_average":0,"_glsr_ranking":0,"_glsr_reviews":0,"footnotes":""},"categories":[2],"tags":[],"class_list":["post-1068","post","type-post","status-publish","format-standard","hentry","category-blog"],"_links":{"self":[{"href":"https:\/\/michalbenedick.com\/index.php\/wp-json\/wp\/v2\/posts\/1068","targetHints":{"allow":["GET"]}}],"collection":[{"href":"https:\/\/michalbenedick.com\/index.php\/wp-json\/wp\/v2\/posts"}],"about":[{"href":"https:\/\/michalbenedick.com\/index.php\/wp-json\/wp\/v2\/types\/post"}],"author":[{"embeddable":true,"href":"https:\/\/michalbenedick.com\/index.php\/wp-json\/wp\/v2\/users\/1"}],"replies":[{"embeddable":true,"href":"https:\/\/michalbenedick.com\/index.php\/wp-json\/wp\/v2\/comments?post=1068"}],"version-history":[{"count":10,"href":"https:\/\/michalbenedick.com\/index.php\/wp-json\/wp\/v2\/posts\/1068\/revisions"}],"predecessor-version":[{"id":1103,"href":"https:\/\/michalbenedick.com\/index.php\/wp-json\/wp\/v2\/posts\/1068\/revisions\/1103"}],"wp:attachment":[{"href":"https:\/\/michalbenedick.com\/index.php\/wp-json\/wp\/v2\/media?parent=1068"}],"wp:term":[{"taxonomy":"category","embeddable":true,"href":"https:\/\/michalbenedick.com\/index.php\/wp-json\/wp\/v2\/categories?post=1068"},{"taxonomy":"post_tag","embeddable":true,"href":"https:\/\/michalbenedick.com\/index.php\/wp-json\/wp\/v2\/tags?post=1068"}],"curies":[{"name":"wp","href":"https:\/\/api.w.org\/{rel}","templated":true}]}}